{"id":9184,"__str__":"Requerimento n\u00ba 108 de 2023","link_detail_backend":"/materia/9184","metadata":{},"numero":108,"ano":2023,"numero_protocolo":1070,"data_apresentacao":"2023-07-07","tipo_apresentacao":"","data_publicacao":null,"numero_origem_externa":"","ano_origem_externa":null,"data_origem_externa":null,"apelido":"","dias_prazo":null,"data_fim_prazo":null,"em_tramitacao":false,"polemica":false,"objeto":"","complementar":false,"ementa":"Solicitando espa\u00e7o na Tribuna Popular Livre ao Senhor Fernando Mallon, representante do Sindicato dos Servidores P\u00fablicos Municipais de S\u00e3o Bento do Sul e Regi\u00e3o a fim de explanar sobre o piso nacional da educa\u00e7\u00e3o, na sess\u00e3o do dia 17 de julho de 2023.","indexacao":"","observacao":"","resultado":"","texto_original":"http://sapl.saobentodosul.sc.leg.br/media/sapl/public/materialegislativa/2023/9184/requerimento_108_-_zuleica.pdf","data_ultima_atualizacao":"2023-07-11T12:53:18.008013-03:00","ip":"186.226.145.67","ultima_edicao":"2023-07-07T13:16:19.928723-03:00","tipo":3,"regime_tramitacao":1,"tipo_origem_externa":null,"local_origem_externa":null,"user":6,"anexadas":[],"autores":[260]}