{"id":7764,"__str__":"Mo\u00e7\u00e3o n\u00ba 6 de 2021","link_detail_backend":"/materia/7764","metadata":{},"numero":6,"ano":2021,"numero_protocolo":654,"data_apresentacao":"2021-05-28","tipo_apresentacao":"","data_publicacao":null,"numero_origem_externa":"","ano_origem_externa":null,"data_origem_externa":null,"apelido":"","dias_prazo":null,"data_fim_prazo":null,"em_tramitacao":false,"polemica":false,"objeto":"","complementar":false,"ementa":"Mo\u00e7\u00e3o de Apelo a Secretaria de Estado da Sa\u00fade para que as m\u00e3es, curadores e tutores respons\u00e1veis \u00fanicos por pessoas com defici\u00eancias cognitivas/motoras permanentes sejam inclusas como grupo priorit\u00e1rio na campanha de vacina\u00e7\u00e3o contra a COVID-19.","indexacao":"","observacao":"","resultado":"","texto_original":"http://sapl.saobentodosul.sc.leg.br/media/sapl/public/materialegislativa/2021/7764/mocao_006_-_darlan.pdf","data_ultima_atualizacao":"2021-06-08T08:16:53.913374-03:00","ip":"186.226.145.70","ultima_edicao":"2021-05-28T13:21:20.843259-03:00","tipo":7,"regime_tramitacao":1,"tipo_origem_externa":null,"local_origem_externa":null,"user":6,"anexadas":[],"autores":[257]}