{"id":11134,"__str__":"Requerimento n\u00ba 45 de 2025","link_detail_backend":"/materia/11134","metadata":{},"numero":45,"ano":2025,"numero_protocolo":1546,"data_apresentacao":"2025-07-14","tipo_apresentacao":"","data_publicacao":null,"numero_origem_externa":"","ano_origem_externa":null,"data_origem_externa":null,"apelido":"","dias_prazo":null,"data_fim_prazo":null,"em_tramitacao":false,"polemica":false,"objeto":"","complementar":false,"ementa":"Solicitando autoriza\u00e7\u00e3o da participa\u00e7\u00e3o da Vereadora Mirim Stefany de F\u00e1tima Kuberesky na Tribuna Livre da Sess\u00e3o ordin\u00e1ria a ser realizada no dia 15/07/2025, com a finalidade de apresentar e defender o Projeto que \u201cInstitui a Semana de Conscientiza\u00e7\u00e3o do Meio Ambiente nas Escolas Municipais e d\u00e1 outras provid\u00eancias.\u201d","indexacao":"","observacao":"","resultado":"","texto_original":"http://sapl.saobentodosul.sc.leg.br/media/sapl/public/materialegislativa/2025/11134/requerimento_45_-_diego.pdf","data_ultima_atualizacao":"2025-07-16T08:06:01.798803-03:00","ip":"186.226.145.65","ultima_edicao":"2025-07-14T15:19:40.319328-03:00","tipo":3,"regime_tramitacao":1,"tipo_origem_externa":null,"local_origem_externa":null,"user":17,"anexadas":[],"autores":[274]}